{"id":3358,"date":"2024-12-05T21:54:24","date_gmt":"2024-12-05T21:54:24","guid":{"rendered":"https:\/\/gamerjump.com\/?p=3358"},"modified":"2024-12-05T21:56:56","modified_gmt":"2024-12-05T21:56:56","slug":"ex-chefe-da-playstation-declara-os-consoles-estao-com-os-dias-contados","status":"publish","type":"post","link":"https:\/\/gamerjump.com\/en\/ex-chefe-da-playstation-declara-os-consoles-estao-com-os-dias-contados\/","title":{"rendered":"Ex-Chefe da PlayStation Declara: &#8220;Os Consoles Est\u00e3o com os Dias Contados&#8221;"},"content":{"rendered":"<figure class=\"wp-block-image size-large\"><img loading=\"lazy\" decoding=\"async\" width=\"1024\" height=\"538\" src=\"https:\/\/gamerjump.com\/wp-content\/uploads\/2024\/12\/O-futuro-dos-consoles-segundo-ex-chefe-da-sony-1024x538.jpg\" alt=\"\" class=\"wp-image-3359\" srcset=\"https:\/\/gamerjump.com\/wp-content\/uploads\/2024\/12\/O-futuro-dos-consoles-segundo-ex-chefe-da-sony-1024x538.jpg 1024w, https:\/\/gamerjump.com\/wp-content\/uploads\/2024\/12\/O-futuro-dos-consoles-segundo-ex-chefe-da-sony-300x158.jpg 300w, https:\/\/gamerjump.com\/wp-content\/uploads\/2024\/12\/O-futuro-dos-consoles-segundo-ex-chefe-da-sony-768x403.jpg 768w, https:\/\/gamerjump.com\/wp-content\/uploads\/2024\/12\/O-futuro-dos-consoles-segundo-ex-chefe-da-sony-390x205.jpg 390w, https:\/\/gamerjump.com\/wp-content\/uploads\/2024\/12\/O-futuro-dos-consoles-segundo-ex-chefe-da-sony-150x79.jpg 150w, https:\/\/gamerjump.com\/wp-content\/uploads\/2024\/12\/O-futuro-dos-consoles-segundo-ex-chefe-da-sony.jpg 1200w\" sizes=\"auto, (max-width: 1024px) 100vw, 1024px\" \/><\/figure>\n\n\n\n<p class=\"wp-block-paragraph\">O ex-presidente dos est\u00fadios da <a href=\"https:\/\/gamerjump.com\/en\/tag\/playstation\/\" target=\"_blank\" rel=\"noreferrer noopener\">PlayStation<\/a>, Shawn Layden, fez declara\u00e7\u00f5es audaciosas sobre o futuro dos consoles de videogame em <a href=\"https:\/\/www.eurogamer.net\/there-comes-a-time-when-we-all-declare-the-war-is-over-former-playstation-studios-boss-shawn-layden-on-the-future-of-video-game-consoles\" target=\"_blank\" rel=\"noreferrer noopener\">entrevista recente a <strong>Eurogamer<\/strong><\/a>. Para ele, o modelo tradicional de hardware propriet\u00e1rio est\u00e1 perdendo relev\u00e2ncia e, em breve, poder\u00e1 se tornar obsoleto.<\/p>\n\n\n\n<p class=\"wp-block-paragraph\">Layden destacou como as transi\u00e7\u00f5es entre gera\u00e7\u00f5es de consoles v\u00eam se tornando menos impressionantes. Ele citou o salto significativo do <a href=\"https:\/\/gamerjump.com\/en\/tag\/playstation-1\/\" target=\"_blank\" rel=\"noreferrer noopener\">PlayStation 1<\/a> para o <a href=\"https:\/\/gamerjump.com\/en\/tag\/playstation2\/\" target=\"_blank\" rel=\"noreferrer noopener\">PlayStation 2<\/a> e do PS2 para o PS3. No entanto, as mudan\u00e7as mais recentes, como do PS4 para o PS5, foram, segundo ele, muito mais sutis.<\/p>\n\n\n\n<p class=\"wp-block-paragraph\">\u201cO PS5 \u00e9 um equipamento fant\u00e1stico, mas a diferen\u00e7a real de desempenho&#8230; estamos chegando a um ponto em que s\u00f3 os c\u00e3es conseguem perceber,\u201d brincou Layden. Para ele, conceitos como teraflops e ray tracing est\u00e3o fora da compreens\u00e3o da maioria dos consumidores e mostram que estamos perto do limite do que um console pode oferecer em termos de hardware.<\/p>\n\n\n\n<hr class=\"wp-block-separator has-alpha-channel-opacity\"\/>\n\n\n\n<h3 class=\"wp-block-heading\"><strong>Hardware Padronizado e o Fim da Relev\u00e2ncia do Console<\/strong><\/h3>\n\n\n\n<p class=\"wp-block-paragraph\">Outro ponto levantado foi a crescente padroniza\u00e7\u00e3o dos componentes internos dos consoles modernos, que agora compartilham chipsets similares, diferenciando-se apenas por sistemas operacionais e outras &#8220;particularidades&#8221;. Para Layden, isso significa que o diferencial entre plataformas ser\u00e1 cada vez mais focado no conte\u00fado, e n\u00e3o no hardware.<\/p>\n\n\n\n<p class=\"wp-block-paragraph\">\u201cO console debaixo da sua TV n\u00e3o vai importar em algum momento. O verdadeiro diferencial ser\u00e1 o conte\u00fado oferecido. E \u00e9 nisso que os publishers devem competir, n\u00e3o no hardware que suportam\u201d, afirmou. Layden acredita que estamos a poucos anos \u2014 ou no m\u00e1ximo duas gera\u00e7\u00f5es \u2014 de ver o console tradicional se tornar irrelevante.<\/p>\n\n\n\n<p class=\"wp-block-paragraph\">As observa\u00e7\u00f5es de Layden refletem tend\u00eancias j\u00e1 vistas no mercado, como a ascens\u00e3o de servi\u00e7os de streaming como o <strong>Xbox Cloud Gaming<\/strong> e o <strong>PlayStation Plus Premium<\/strong>, que oferecem acesso a jogos de alta qualidade sem depender de hardware robusto. Al\u00e9m disso, parcerias com dispositivos smart TVs e plataformas como <a href=\"https:\/\/gamerjump.com\/en\/tag\/steam-deck\/\" target=\"_blank\" rel=\"noreferrer noopener\">Steam Deck<\/a> apontam para um futuro mais &#8220;h\u00edbrido&#8221;, onde o hardware f\u00edsico \u00e9 menos importante.<\/p>\n\n\n\n<hr class=\"wp-block-separator has-alpha-channel-opacity\"\/>\n\n\n\n<h3 class=\"wp-block-heading\"><strong>Opini\u00e3o: O Console Realmente Vai Morrer?<\/strong><\/h3>\n\n\n\n<p class=\"wp-block-paragraph\">Acredito que embora as previs\u00f5es de Layden sejam provocativas, ainda h\u00e1 desafios que podem manter os consoles relevantes por mais tempo do que ele sugere. A estabilidade de conex\u00f5es de internet em diversas regi\u00f5es, a experi\u00eancia de jogo dedicada e a comunidade criada em torno de cada plataforma, a &#8220;sensa\u00e7\u00e3o&#8221; de ter algo f\u00edsico rodando um jogo que \u00e9 realmente seu, s\u00e3o fatores que ainda fazem do console um objeto desejado.<\/p>\n\n\n\n<p class=\"wp-block-paragraph\">Entretanto, sua vis\u00e3o de que o conte\u00fado ser\u00e1 o principal campo de batalha no futuro \u00e9 ineg\u00e1vel ( E nunca deveria ter se distanciado disso). Com o mercado j\u00e1 caminhando para uma unifica\u00e7\u00e3o tecnol\u00f3gica, talvez estejamos nos aproximando do dia em que n\u00e3o importar\u00e1 se voc\u00ea joga em um console, PC ou TV: o que realmente far\u00e1 diferen\u00e7a ser\u00e1 o jogo que voc\u00ea escolhe.<\/p>\n\n\n\n<p class=\"wp-block-paragraph\">O futuro parece desafiador para a ind\u00fastria de videogames.<\/p>\n\n\n\n<p class=\"has-small-font-size wp-block-paragraph\"><em>Fonte: Eurogamer.com,  pushsquare.com<\/em><\/p>","protected":false},"excerpt":{"rendered":"<p>O ex-presidente dos est\u00fadios da PlayStation, Shawn Layden, fez declara\u00e7\u00f5es audaciosas sobre o futuro dos consoles de videogame em entrevista recente a Eurogamer. Para ele, o modelo tradicional de hardware propriet\u00e1rio est\u00e1 perdendo relev\u00e2ncia e, em breve, poder\u00e1 se tornar obsoleto. Layden destacou como as transi\u00e7\u00f5es entre gera\u00e7\u00f5es de consoles v\u00eam se tornando menos impressionantes. [&hellip;]<\/p>\n","protected":false},"author":3,"featured_media":3359,"comment_status":"open","ping_status":"open","sticky":false,"template":"","format":"standard","meta":{"googlesitekit_rrm_CAowl7bZCw:productID":"","cybocfi_hide_featured_image":"yes","footnotes":""},"categories":[262,5],"tags":[263,32,132],"class_list":["post-3358","post","type-post","status-publish","format-standard","has-post-thumbnail","hentry","category-negocios","category-noticias","tag-industria","tag-playstation","tag-sony"],"yoast_head":"<!-- This site is optimized with the Yoast SEO plugin v28.3 - https:\/\/yoast.com\/product\/yoast-seo-wordpress\/ -->\n<title>Ex-Chefe da PlayStation Declara: &quot;Os Consoles Est\u00e3o com os Dias Contados&quot; - Gamer Jump<\/title>\n<meta name=\"robots\" content=\"index, follow, max-snippet:-1, max-image-preview:large, max-video-preview:-1\" \/>\n<link rel=\"canonical\" href=\"https:\/\/gamerjump.com\/en\/ex-chefe-da-playstation-declara-os-consoles-estao-com-os-dias-contados\/\" \/>\n<meta property=\"og:locale\" content=\"en_US\" \/>\n<meta property=\"og:type\" content=\"article\" \/>\n<meta property=\"og:title\" content=\"Ex-Chefe da PlayStation Declara: &quot;Os Consoles Est\u00e3o com os Dias Contados&quot; - Gamer Jump\" \/>\n<meta property=\"og:description\" content=\"O ex-presidente dos est\u00fadios da PlayStation, Shawn Layden, fez declara\u00e7\u00f5es audaciosas sobre o futuro dos consoles de videogame em entrevista recente a Eurogamer. Para ele, o modelo tradicional de hardware propriet\u00e1rio est\u00e1 perdendo relev\u00e2ncia e, em breve, poder\u00e1 se tornar obsoleto. Layden destacou como as transi\u00e7\u00f5es entre gera\u00e7\u00f5es de consoles v\u00eam se tornando menos impressionantes. [&hellip;]\" \/>\n<meta property=\"og:url\" content=\"https:\/\/gamerjump.com\/en\/ex-chefe-da-playstation-declara-os-consoles-estao-com-os-dias-contados\/\" \/>\n<meta property=\"og:site_name\" content=\"Gamer Jump\" \/>\n<meta property=\"article:publisher\" content=\"https:\/\/www.facebook.com\/people\/Gamer-Jump\/61567375354582\/\" \/>\n<meta property=\"article:published_time\" content=\"2024-12-05T21:54:24+00:00\" \/>\n<meta property=\"article:modified_time\" content=\"2024-12-05T21:56:56+00:00\" \/>\n<meta property=\"og:image\" content=\"https:\/\/gamerjump.com\/wp-content\/uploads\/2024\/12\/O-futuro-dos-consoles-segundo-ex-chefe-da-sony.jpg\" \/>\n\t<meta property=\"og:image:width\" content=\"1200\" \/>\n\t<meta property=\"og:image:height\" content=\"630\" \/>\n\t<meta property=\"og:image:type\" content=\"image\/jpeg\" \/>\n<meta name=\"author\" content=\"Primo Ci\" \/>\n<meta name=\"twitter:card\" content=\"summary_large_image\" \/>\n<meta name=\"twitter:creator\" content=\"@gamerjumpx\" \/>\n<meta name=\"twitter:site\" content=\"@gamerjumpx\" \/>\n<meta name=\"twitter:label1\" content=\"Written by\" \/>\n\t<meta name=\"twitter:data1\" content=\"Primo Ci\" \/>\n\t<meta name=\"twitter:label2\" content=\"Est. reading time\" \/>\n\t<meta name=\"twitter:data2\" content=\"4 minutes\" \/>\n<script type=\"application\/ld+json\" class=\"yoast-schema-graph\">{\"@context\":\"https:\\\/\\\/schema.org\",\"@graph\":[{\"@type\":\"Article\",\"@id\":\"https:\\\/\\\/gamerjump.com\\\/ex-chefe-da-playstation-declara-os-consoles-estao-com-os-dias-contados\\\/#article\",\"isPartOf\":{\"@id\":\"https:\\\/\\\/gamerjump.com\\\/ex-chefe-da-playstation-declara-os-consoles-estao-com-os-dias-contados\\\/\"},\"author\":{\"name\":\"Primo Ci\",\"@id\":\"https:\\\/\\\/gamerjump.com\\\/#\\\/schema\\\/person\\\/7486466b3a72dd2baa61772caba8b6d2\"},\"headline\":\"Ex-Chefe da PlayStation Declara: &#8220;Os Consoles Est\u00e3o com os Dias Contados&#8221;\",\"datePublished\":\"2024-12-05T21:54:24+00:00\",\"dateModified\":\"2024-12-05T21:56:56+00:00\",\"mainEntityOfPage\":{\"@id\":\"https:\\\/\\\/gamerjump.com\\\/ex-chefe-da-playstation-declara-os-consoles-estao-com-os-dias-contados\\\/\"},\"wordCount\":527,\"commentCount\":2,\"publisher\":{\"@id\":\"https:\\\/\\\/gamerjump.com\\\/#organization\"},\"image\":{\"@id\":\"https:\\\/\\\/gamerjump.com\\\/ex-chefe-da-playstation-declara-os-consoles-estao-com-os-dias-contados\\\/#primaryimage\"},\"thumbnailUrl\":\"https:\\\/\\\/gamerjump.com\\\/wp-content\\\/uploads\\\/2024\\\/12\\\/O-futuro-dos-consoles-segundo-ex-chefe-da-sony.jpg\",\"keywords\":[\"Ind\u00fastria\",\"Playstation\",\"SONY\"],\"articleSection\":[\"Neg\u00f3cios\",\"Not\u00edcias\"],\"inLanguage\":\"en-US\",\"potentialAction\":[{\"@type\":\"CommentAction\",\"name\":\"Comment\",\"target\":[\"https:\\\/\\\/gamerjump.com\\\/ex-chefe-da-playstation-declara-os-consoles-estao-com-os-dias-contados\\\/#respond\"]}]},{\"@type\":\"WebPage\",\"@id\":\"https:\\\/\\\/gamerjump.com\\\/ex-chefe-da-playstation-declara-os-consoles-estao-com-os-dias-contados\\\/\",\"url\":\"https:\\\/\\\/gamerjump.com\\\/ex-chefe-da-playstation-declara-os-consoles-estao-com-os-dias-contados\\\/\",\"name\":\"Ex-Chefe da PlayStation Declara: \\\"Os Consoles Est\u00e3o com os Dias Contados\\\" - Gamer Jump\",\"isPartOf\":{\"@id\":\"https:\\\/\\\/gamerjump.com\\\/#website\"},\"primaryImageOfPage\":{\"@id\":\"https:\\\/\\\/gamerjump.com\\\/ex-chefe-da-playstation-declara-os-consoles-estao-com-os-dias-contados\\\/#primaryimage\"},\"image\":{\"@id\":\"https:\\\/\\\/gamerjump.com\\\/ex-chefe-da-playstation-declara-os-consoles-estao-com-os-dias-contados\\\/#primaryimage\"},\"thumbnailUrl\":\"https:\\\/\\\/gamerjump.com\\\/wp-content\\\/uploads\\\/2024\\\/12\\\/O-futuro-dos-consoles-segundo-ex-chefe-da-sony.jpg\",\"datePublished\":\"2024-12-05T21:54:24+00:00\",\"dateModified\":\"2024-12-05T21:56:56+00:00\",\"breadcrumb\":{\"@id\":\"https:\\\/\\\/gamerjump.com\\\/ex-chefe-da-playstation-declara-os-consoles-estao-com-os-dias-contados\\\/#breadcrumb\"},\"inLanguage\":\"en-US\",\"potentialAction\":[{\"@type\":\"ReadAction\",\"target\":[\"https:\\\/\\\/gamerjump.com\\\/ex-chefe-da-playstation-declara-os-consoles-estao-com-os-dias-contados\\\/\"]}]},{\"@type\":\"BreadcrumbList\",\"@id\":\"https:\\\/\\\/gamerjump.com\\\/ex-chefe-da-playstation-declara-os-consoles-estao-com-os-dias-contados\\\/#breadcrumb\",\"itemListElement\":[{\"@type\":\"ListItem\",\"position\":1,\"name\":\"In\u00edcio\",\"item\":\"https:\\\/\\\/gamerjump.com\\\/\"},{\"@type\":\"ListItem\",\"position\":2,\"name\":\"Ex-Chefe da PlayStation Declara: &#8220;Os Consoles Est\u00e3o com os Dias Contados&#8221;\"}]},{\"@type\":\"WebSite\",\"@id\":\"https:\\\/\\\/gamerjump.com\\\/#website\",\"url\":\"https:\\\/\\\/gamerjump.com\\\/\",\"name\":\"Gamer Jump\",\"description\":\"Para quem gosta de videogames!\",\"publisher\":{\"@id\":\"https:\\\/\\\/gamerjump.com\\\/#organization\"},\"potentialAction\":[{\"@type\":\"SearchAction\",\"target\":{\"@type\":\"EntryPoint\",\"urlTemplate\":\"https:\\\/\\\/gamerjump.com\\\/?s={search_term_string}\"},\"query-input\":{\"@type\":\"PropertyValueSpecification\",\"valueRequired\":true,\"valueName\":\"search_term_string\"}}],\"inLanguage\":\"en-US\"},{\"@type\":\"Organization\",\"@id\":\"https:\\\/\\\/gamerjump.com\\\/#organization\",\"name\":\"Gamer Jump\",\"url\":\"https:\\\/\\\/gamerjump.com\\\/\",\"logo\":{\"@type\":\"ImageObject\",\"inLanguage\":\"en-US\",\"@id\":\"https:\\\/\\\/gamerjump.com\\\/#\\\/schema\\\/logo\\\/image\\\/\",\"url\":\"https:\\\/\\\/gamerjump.com\\\/wp-content\\\/uploads\\\/2025\\\/11\\\/GamerJump-logo-p-e-b_.png\",\"contentUrl\":\"https:\\\/\\\/gamerjump.com\\\/wp-content\\\/uploads\\\/2025\\\/11\\\/GamerJump-logo-p-e-b_.png\",\"width\":155,\"height\":89,\"caption\":\"Gamer Jump\"},\"image\":{\"@id\":\"https:\\\/\\\/gamerjump.com\\\/#\\\/schema\\\/logo\\\/image\\\/\"},\"sameAs\":[\"https:\\\/\\\/www.facebook.com\\\/people\\\/Gamer-Jump\\\/61567375354582\\\/\",\"https:\\\/\\\/x.com\\\/gamerjumpx\",\"https:\\\/\\\/br.pinterest.com\\\/GamerJumpnews\\\/\",\"https:\\\/\\\/www.instagram.com\\\/gamerjump\\\/\"]},{\"@type\":\"Person\",\"@id\":\"https:\\\/\\\/gamerjump.com\\\/#\\\/schema\\\/person\\\/7486466b3a72dd2baa61772caba8b6d2\",\"name\":\"Primo Ci\",\"image\":{\"@type\":\"ImageObject\",\"inLanguage\":\"en-US\",\"@id\":\"https:\\\/\\\/secure.gravatar.com\\\/avatar\\\/45b649afe2479f9142f66e9458397b19e68f34d7ea6f50c280599861d4de53cc?s=96&d=retro&r=g\",\"url\":\"https:\\\/\\\/secure.gravatar.com\\\/avatar\\\/45b649afe2479f9142f66e9458397b19e68f34d7ea6f50c280599861d4de53cc?s=96&d=retro&r=g\",\"contentUrl\":\"https:\\\/\\\/secure.gravatar.com\\\/avatar\\\/45b649afe2479f9142f66e9458397b19e68f34d7ea6f50c280599861d4de53cc?s=96&d=retro&r=g\",\"caption\":\"Primo Ci\"},\"description\":\"\\\"Retrolover\\\" Gosto de jogar tudo que \u00e9 relacionado a retrogames e saio zerando tudo que \u00e9 tranqueira. As vezes escrevo aqui.\",\"sameAs\":[\"https:\\\/\\\/gamerjump.com\\\/\"],\"url\":\"https:\\\/\\\/gamerjump.com\\\/en\\\/author\\\/primo-ci\\\/\"}]}<\/script>\n<!-- \/ Yoast SEO plugin. -->","yoast_head_json":{"title":"Ex-Chefe da PlayStation Declara: \"Os Consoles Est\u00e3o com os Dias Contados\" - Gamer Jump","robots":{"index":"index","follow":"follow","max-snippet":"max-snippet:-1","max-image-preview":"max-image-preview:large","max-video-preview":"max-video-preview:-1"},"canonical":"https:\/\/gamerjump.com\/en\/ex-chefe-da-playstation-declara-os-consoles-estao-com-os-dias-contados\/","og_locale":"en_US","og_type":"article","og_title":"Ex-Chefe da PlayStation Declara: \"Os Consoles Est\u00e3o com os Dias Contados\" - Gamer Jump","og_description":"O ex-presidente dos est\u00fadios da PlayStation, Shawn Layden, fez declara\u00e7\u00f5es audaciosas sobre o futuro dos consoles de videogame em entrevista recente a Eurogamer. Para ele, o modelo tradicional de hardware propriet\u00e1rio est\u00e1 perdendo relev\u00e2ncia e, em breve, poder\u00e1 se tornar obsoleto. Layden destacou como as transi\u00e7\u00f5es entre gera\u00e7\u00f5es de consoles v\u00eam se tornando menos impressionantes. [&hellip;]","og_url":"https:\/\/gamerjump.com\/en\/ex-chefe-da-playstation-declara-os-consoles-estao-com-os-dias-contados\/","og_site_name":"Gamer Jump","article_publisher":"https:\/\/www.facebook.com\/people\/Gamer-Jump\/61567375354582\/","article_published_time":"2024-12-05T21:54:24+00:00","article_modified_time":"2024-12-05T21:56:56+00:00","og_image":[{"width":1200,"height":630,"url":"https:\/\/gamerjump.com\/wp-content\/uploads\/2024\/12\/O-futuro-dos-consoles-segundo-ex-chefe-da-sony.jpg","type":"image\/jpeg"}],"author":"Primo Ci","twitter_card":"summary_large_image","twitter_creator":"@gamerjumpx","twitter_site":"@gamerjumpx","twitter_misc":{"Written by":"Primo Ci","Est. reading time":"4 minutes"},"schema":{"@context":"https:\/\/schema.org","@graph":[{"@type":"Article","@id":"https:\/\/gamerjump.com\/ex-chefe-da-playstation-declara-os-consoles-estao-com-os-dias-contados\/#article","isPartOf":{"@id":"https:\/\/gamerjump.com\/ex-chefe-da-playstation-declara-os-consoles-estao-com-os-dias-contados\/"},"author":{"name":"Primo Ci","@id":"https:\/\/gamerjump.com\/#\/schema\/person\/7486466b3a72dd2baa61772caba8b6d2"},"headline":"Ex-Chefe da PlayStation Declara: &#8220;Os Consoles Est\u00e3o com os Dias Contados&#8221;","datePublished":"2024-12-05T21:54:24+00:00","dateModified":"2024-12-05T21:56:56+00:00","mainEntityOfPage":{"@id":"https:\/\/gamerjump.com\/ex-chefe-da-playstation-declara-os-consoles-estao-com-os-dias-contados\/"},"wordCount":527,"commentCount":2,"publisher":{"@id":"https:\/\/gamerjump.com\/#organization"},"image":{"@id":"https:\/\/gamerjump.com\/ex-chefe-da-playstation-declara-os-consoles-estao-com-os-dias-contados\/#primaryimage"},"thumbnailUrl":"https:\/\/gamerjump.com\/wp-content\/uploads\/2024\/12\/O-futuro-dos-consoles-segundo-ex-chefe-da-sony.jpg","keywords":["Ind\u00fastria","Playstation","SONY"],"articleSection":["Neg\u00f3cios","Not\u00edcias"],"inLanguage":"en-US","potentialAction":[{"@type":"CommentAction","name":"Comment","target":["https:\/\/gamerjump.com\/ex-chefe-da-playstation-declara-os-consoles-estao-com-os-dias-contados\/#respond"]}]},{"@type":"WebPage","@id":"https:\/\/gamerjump.com\/ex-chefe-da-playstation-declara-os-consoles-estao-com-os-dias-contados\/","url":"https:\/\/gamerjump.com\/ex-chefe-da-playstation-declara-os-consoles-estao-com-os-dias-contados\/","name":"Ex-Chefe da PlayStation Declara: \"Os Consoles Est\u00e3o com os Dias Contados\" - Gamer Jump","isPartOf":{"@id":"https:\/\/gamerjump.com\/#website"},"primaryImageOfPage":{"@id":"https:\/\/gamerjump.com\/ex-chefe-da-playstation-declara-os-consoles-estao-com-os-dias-contados\/#primaryimage"},"image":{"@id":"https:\/\/gamerjump.com\/ex-chefe-da-playstation-declara-os-consoles-estao-com-os-dias-contados\/#primaryimage"},"thumbnailUrl":"https:\/\/gamerjump.com\/wp-content\/uploads\/2024\/12\/O-futuro-dos-consoles-segundo-ex-chefe-da-sony.jpg","datePublished":"2024-12-05T21:54:24+00:00","dateModified":"2024-12-05T21:56:56+00:00","breadcrumb":{"@id":"https:\/\/gamerjump.com\/ex-chefe-da-playstation-declara-os-consoles-estao-com-os-dias-contados\/#breadcrumb"},"inLanguage":"en-US","potentialAction":[{"@type":"ReadAction","target":["https:\/\/gamerjump.com\/ex-chefe-da-playstation-declara-os-consoles-estao-com-os-dias-contados\/"]}]},{"@type":"BreadcrumbList","@id":"https:\/\/gamerjump.com\/ex-chefe-da-playstation-declara-os-consoles-estao-com-os-dias-contados\/#breadcrumb","itemListElement":[{"@type":"ListItem","position":1,"name":"In\u00edcio","item":"https:\/\/gamerjump.com\/"},{"@type":"ListItem","position":2,"name":"Ex-Chefe da PlayStation Declara: &#8220;Os Consoles Est\u00e3o com os Dias Contados&#8221;"}]},{"@type":"WebSite","@id":"https:\/\/gamerjump.com\/#website","url":"https:\/\/gamerjump.com\/","name":"Gamer Jump","description":"Para quem gosta de videogames!","publisher":{"@id":"https:\/\/gamerjump.com\/#organization"},"potentialAction":[{"@type":"SearchAction","target":{"@type":"EntryPoint","urlTemplate":"https:\/\/gamerjump.com\/?s={search_term_string}"},"query-input":{"@type":"PropertyValueSpecification","valueRequired":true,"valueName":"search_term_string"}}],"inLanguage":"en-US"},{"@type":"Organization","@id":"https:\/\/gamerjump.com\/#organization","name":"Gamer Jump","url":"https:\/\/gamerjump.com\/","logo":{"@type":"ImageObject","inLanguage":"en-US","@id":"https:\/\/gamerjump.com\/#\/schema\/logo\/image\/","url":"https:\/\/gamerjump.com\/wp-content\/uploads\/2025\/11\/GamerJump-logo-p-e-b_.png","contentUrl":"https:\/\/gamerjump.com\/wp-content\/uploads\/2025\/11\/GamerJump-logo-p-e-b_.png","width":155,"height":89,"caption":"Gamer Jump"},"image":{"@id":"https:\/\/gamerjump.com\/#\/schema\/logo\/image\/"},"sameAs":["https:\/\/www.facebook.com\/people\/Gamer-Jump\/61567375354582\/","https:\/\/x.com\/gamerjumpx","https:\/\/br.pinterest.com\/GamerJumpnews\/","https:\/\/www.instagram.com\/gamerjump\/"]},{"@type":"Person","@id":"https:\/\/gamerjump.com\/#\/schema\/person\/7486466b3a72dd2baa61772caba8b6d2","name":"Primo Ci","image":{"@type":"ImageObject","inLanguage":"en-US","@id":"https:\/\/secure.gravatar.com\/avatar\/45b649afe2479f9142f66e9458397b19e68f34d7ea6f50c280599861d4de53cc?s=96&d=retro&r=g","url":"https:\/\/secure.gravatar.com\/avatar\/45b649afe2479f9142f66e9458397b19e68f34d7ea6f50c280599861d4de53cc?s=96&d=retro&r=g","contentUrl":"https:\/\/secure.gravatar.com\/avatar\/45b649afe2479f9142f66e9458397b19e68f34d7ea6f50c280599861d4de53cc?s=96&d=retro&r=g","caption":"Primo Ci"},"description":"\"Retrolover\" Gosto de jogar tudo que \u00e9 relacionado a retrogames e saio zerando tudo que \u00e9 tranqueira. As vezes escrevo aqui.","sameAs":["https:\/\/gamerjump.com\/"],"url":"https:\/\/gamerjump.com\/en\/author\/primo-ci\/"}]}},"_links":{"self":[{"href":"https:\/\/gamerjump.com\/en\/wp-json\/wp\/v2\/posts\/3358","targetHints":{"allow":["GET"]}}],"collection":[{"href":"https:\/\/gamerjump.com\/en\/wp-json\/wp\/v2\/posts"}],"about":[{"href":"https:\/\/gamerjump.com\/en\/wp-json\/wp\/v2\/types\/post"}],"author":[{"embeddable":true,"href":"https:\/\/gamerjump.com\/en\/wp-json\/wp\/v2\/users\/3"}],"replies":[{"embeddable":true,"href":"https:\/\/gamerjump.com\/en\/wp-json\/wp\/v2\/comments?post=3358"}],"version-history":[{"count":0,"href":"https:\/\/gamerjump.com\/en\/wp-json\/wp\/v2\/posts\/3358\/revisions"}],"wp:featuredmedia":[{"embeddable":true,"href":"https:\/\/gamerjump.com\/en\/wp-json\/wp\/v2\/media\/3359"}],"wp:attachment":[{"href":"https:\/\/gamerjump.com\/en\/wp-json\/wp\/v2\/media?parent=3358"}],"wp:term":[{"taxonomy":"category","embeddable":true,"href":"https:\/\/gamerjump.com\/en\/wp-json\/wp\/v2\/categories?post=3358"},{"taxonomy":"post_tag","embeddable":true,"href":"https:\/\/gamerjump.com\/en\/wp-json\/wp\/v2\/tags?post=3358"}],"curies":[{"name":"wp","href":"https:\/\/api.w.org\/{rel}","templated":true}]}}